{"id":748,"date":"2025-12-12T09:48:27","date_gmt":"2025-12-12T08:48:27","guid":{"rendered":"https:\/\/www.servi-paies.fr\/fr\/?p=748"},"modified":"2025-12-12T09:54:57","modified_gmt":"2025-12-12T08:54:57","slug":"gestion-des-jours-feries-dans-la-convention-collective-hcr","status":"publish","type":"post","link":"https:\/\/www.servi-paies.fr\/fr\/2025\/12\/12\/gestion-des-jours-feries-dans-la-convention-collective-hcr\/","title":{"rendered":"Gestion des jours f\u00e9ri\u00e9s dans la convention collective HCR"},"content":{"rendered":"\n<h1 class=\"wp-block-heading has-x-large-font-size\"><strong>Ce que doivent savoir les employeurs<\/strong><\/h1>\n\n\n\n<p>La gestion des jours f\u00e9ri\u00e9s dans le secteur des <strong>H\u00f4tels, Caf\u00e9s et Restaurants (HCR)<\/strong> suscite chaque ann\u00e9e de nombreuses interrogations. Entre jours f\u00e9ri\u00e9s garantis, jours non garantis, compensation, r\u00e9mun\u00e9ration du 1er mai et obligations formelles, les r\u00e8gles peuvent s\u2019av\u00e9rer complexes. Une bonne compr\u00e9hension de la <strong>convention collective HCR<\/strong> est essentielle pour assurer la conformit\u00e9 et \u00e9viter les erreurs de paie.<\/p>\n\n\n\n<p>SERVI-PAIES, sp\u00e9cialiste de l\u2019<strong>externalisation de la paie<\/strong> et de la <strong>paie HCR<\/strong>, vous propose un d\u00e9cryptage complet de ces r\u00e8gles pour s\u00e9curiser vos pratiques.<br>\ud83d\udc49 D\u00e9couvrez tous nos services : <strong><a href=\"https:\/\/www.servi-paies.fr\/fr\/solutions-entreprises\/?utm_source=chatgpt.com\">Externalisation de la paie<\/a><\/strong><\/p>\n\n\n\n<hr class=\"wp-block-separator has-alpha-channel-opacity\"\/>\n\n\n\n<h2 class=\"wp-block-heading\"><strong>1. Les droits des salari\u00e9s HCR concernant les jours f\u00e9ri\u00e9s<\/strong><\/h2>\n\n\n\n<p>Pour les \u00e9tablissements permanents, les salari\u00e9s comptant <strong>au moins un an d\u2019anciennet\u00e9<\/strong> b\u00e9n\u00e9ficient \u2014 en plus du 1er mai \u2014 de <strong>10 jours f\u00e9ri\u00e9s par an<\/strong>, dont <strong>6 jours f\u00e9ri\u00e9s garantis<\/strong>.<\/p>\n\n\n\n<p>La notion de <em>jours f\u00e9ri\u00e9s garantis<\/em> signifie que lorsque le salari\u00e9 travaille l\u2019un de ces jours, il doit b\u00e9n\u00e9ficier d\u2019une <strong>compensation<\/strong> : en temps ou en argent.<\/p>\n\n\n\n<p>\ud83d\udcd8 Pour consulter le texte officiel :<br>\u27a1\ufe0f <strong>Convention Collective HCR sur L\u00e9gifrance<\/strong> : <a href=\"https:\/\/www.legifrance.gouv.fr\">https:\/\/www.legifrance.gouv.fr<\/a><\/p>\n\n\n\n<hr class=\"wp-block-separator has-alpha-channel-opacity\"\/>\n\n\n\n<h2 class=\"wp-block-heading\"><strong>2. Le 1er mai dans la convention HCR<\/strong><\/h2>\n\n\n\n<p>Le <strong>1er mai<\/strong> est le seul jour f\u00e9ri\u00e9 <strong>l\u00e9galement ch\u00f4m\u00e9 et pay\u00e9<\/strong> selon l\u2019article L3133-4 du Code du travail.<br>\u27a1\ufe0f R\u00e9f\u00e9rence officielle : <a>https:\/\/www.legifrance.gouv.fr\/codes\/article_lc\/LEGIARTI000006901903<\/a><\/p>\n\n\n\n<p>Voici les diff\u00e9rentes situations :<\/p>\n\n\n\n<h3 class=\"wp-block-heading\">\u2714 Le 1er mai tombe un jour habituel de fermeture ou de repos<\/h3>\n\n\n\n<p>\u2192 Aucune incidence, aucune compensation.<\/p>\n\n\n\n<h3 class=\"wp-block-heading\">\u2714 Le 1er mai tombe un jour travaill\u00e9 mais est ch\u00f4m\u00e9<\/h3>\n\n\n\n<p>\u2192 R\u00e9mun\u00e9ration habituelle.<\/p>\n\n\n\n<h3 class=\"wp-block-heading\">\u2714 Le 1er mai est travaill\u00e9<\/h3>\n\n\n\n<p>\u2192 La journ\u00e9e est <strong>pay\u00e9e double<\/strong> (obligation l\u00e9gale).<\/p>\n\n\n\n<hr class=\"wp-block-separator has-alpha-channel-opacity\"\/>\n\n\n\n<h2 class=\"wp-block-heading\"><strong>3. Les 6 jours f\u00e9ri\u00e9s garantis<\/strong><\/h2>\n\n\n\n<p>Pour les salari\u00e9s ayant plus d\u2019un an d\u2019anciennet\u00e9 :<\/p>\n\n\n\n<h3 class=\"wp-block-heading\">\u2714 Le jour f\u00e9ri\u00e9 garanti tombe un jour de repos<\/h3>\n\n\n\n<p>\u2192 Le salari\u00e9 obtient <strong>une journ\u00e9e de compensation<\/strong> ou une <strong>indemnisation \u00e9quivalente<\/strong>.<\/p>\n\n\n\n<h3 class=\"wp-block-heading\">\u2714 Le jour f\u00e9ri\u00e9 tombe un jour de travail mais est ch\u00f4m\u00e9<\/h3>\n\n\n\n<p>\u2192 R\u00e9mun\u00e9ration normale.<\/p>\n\n\n\n<h3 class=\"wp-block-heading\">\u2714 Le jour est travaill\u00e9<\/h3>\n\n\n\n<p>\u2192 R\u00e9mun\u00e9ration habituelle <strong>+ compensation obligatoire<\/strong>.<\/p>\n\n\n\n<hr class=\"wp-block-separator has-alpha-channel-opacity\"\/>\n\n\n\n<h2 class=\"wp-block-heading\"><strong>4. Les 4 jours f\u00e9ri\u00e9s non garantis<\/strong><\/h2>\n\n\n\n<p>Les 4 autres jours f\u00e9ri\u00e9s du calendrier sont dits <em>non garantis<\/em>. Ils n\u2019ouvrent pas droit syst\u00e9matiquement \u00e0 compensation.<\/p>\n\n\n\n<h3 class=\"wp-block-heading\">\u2714 Le jour f\u00e9ri\u00e9 tombe un jour de repos<\/h3>\n\n\n\n<p>\u2192 Aucun droit particulier.<\/p>\n\n\n\n<h3 class=\"wp-block-heading\">\u2714 Le jour f\u00e9ri\u00e9 tombe un jour travaill\u00e9 mais est ch\u00f4m\u00e9<\/h3>\n\n\n\n<p>\u2192 R\u00e9mun\u00e9ration normale.<\/p>\n\n\n\n<h3 class=\"wp-block-heading\">\u2714 Le jour est travaill\u00e9<\/h3>\n\n\n\n<p>\u2192 Le salari\u00e9 b\u00e9n\u00e9ficie d\u2019une <strong>journ\u00e9e de compensation<\/strong>.<\/p>\n\n\n\n<p>\ud83d\udd0e Pour conna\u00eetre la liste des jours f\u00e9ri\u00e9s en France :<br>\u27a1\ufe0f <strong>Service-Public.fr<\/strong> : <a href=\"https:\/\/www.service-public.fr\/particuliers\/vosdroits\/F2405\">https:\/\/www.service-public.fr\/particuliers\/vosdroits\/F2405<\/a><\/p>\n\n\n\n<hr class=\"wp-block-separator has-alpha-channel-opacity\"\/>\n\n\n\n<h2 class=\"wp-block-heading\"><strong>5. Les salari\u00e9s ayant moins d\u2019un an d\u2019anciennet\u00e9<\/strong><\/h2>\n\n\n\n<p>La l\u00e9gislation pr\u00e9voit que :<\/p>\n\n\n\n<blockquote class=\"wp-block-quote is-layout-flow wp-block-quote-is-layout-flow\">\n<p><em>Le ch\u00f4mage d\u2019un jour f\u00e9ri\u00e9 ne peut entra\u00eener aucune perte de salaire pour les salari\u00e9s totalisant au moins trois mois d\u2019anciennet\u00e9.<\/em><\/p>\n<\/blockquote>\n\n\n\n<p>Cette r\u00e8gle vise \u00e0 prot\u00e9ger la r\u00e9mun\u00e9ration des salari\u00e9s les plus r\u00e9cents dans l\u2019entreprise.<\/p>\n\n\n\n<hr class=\"wp-block-separator has-alpha-channel-opacity\"\/>\n\n\n\n<h2 class=\"wp-block-heading\"><strong>6. Obligations de l\u2019employeur concernant les jours f\u00e9ri\u00e9s HCR<\/strong><\/h2>\n\n\n\n<p>L\u2019employeur doit respecter des obligations administratives :<\/p>\n\n\n\n<h3 class=\"wp-block-heading\">\u25cf D\u00e9finir les jours garantis et non garantis en d\u00e9but d\u2019ann\u00e9e<\/h3>\n\n\n\n<p>Ils doivent \u00eatre communiqu\u00e9s aux salari\u00e9s par note interne, affichage ou tout autre support.<\/p>\n\n\n\n<h3 class=\"wp-block-heading\">\u25cf V\u00e9rifier les droits en fin d\u2019ann\u00e9e<\/h3>\n\n\n\n<p>L\u2019employeur doit contr\u00f4ler que les salari\u00e9s ont b\u00e9n\u00e9fici\u00e9 de leurs 6 jours garantis.<\/p>\n\n\n\n<h3 class=\"wp-block-heading\">\u25cf Informer par \u00e9crit le salari\u00e9 en cas de jours non pris<\/h3>\n\n\n\n<p>Une communication \u00e9crite est obligatoire.<\/p>\n\n\n\n<p>\ud83d\udcdd Pour toute aide dans vos obligations RH :<br>\u27a1\ufe0f <strong><a href=\"https:\/\/www.servi-paies.fr\/fr\/\">Accompagnement Service Juridique SERVI-PAIES<\/a><\/strong><\/p>\n\n\n\n<hr class=\"wp-block-separator has-alpha-channel-opacity\"\/>\n\n\n\n<h2 class=\"wp-block-heading\"><strong>7. Que faire si les jours garantis n\u2019ont pas \u00e9t\u00e9 utilis\u00e9s ?<\/strong><\/h2>\n\n\n\n<p>Dans les <strong>6 mois suivant la fin de l\u2019ann\u00e9e civile<\/strong>, le salari\u00e9 peut, avec l\u2019accord de l\u2019employeur :<\/p>\n\n\n\n<h3 class=\"wp-block-heading\">\u2714 Prendre les jours en continu ou s\u00e9par\u00e9ment<\/h3>\n\n\n\n<p>\u2192 Ils peuvent constituer jusqu\u2019\u00e0 une semaine compl\u00e8te.<\/p>\n\n\n\n<h3 class=\"wp-block-heading\">\u2714 Demander une indemnisation \u00e9quivalente<\/h3>\n\n\n\n<p>Si les jours ne sont pas pris dans ce d\u00e9lai, ils doivent \u00eatre <strong>r\u00e9mun\u00e9r\u00e9s obligatoirement<\/strong>.<\/p>\n\n\n\n<hr class=\"wp-block-separator has-alpha-channel-opacity\"\/>\n\n\n\n<h2 class=\"wp-block-heading\"><strong>8. S\u00e9curiser la gestion des jours f\u00e9ri\u00e9s HCR gr\u00e2ce \u00e0 l\u2019externalisation de la paie<\/strong><\/h2>\n\n\n\n<p>La gestion de la paie dans les h\u00f4tels, caf\u00e9s et restaurants est particuli\u00e8rement sensible :<br>\u2022 gestion des heures,<br>\u2022 suivi de l\u2019anciennet\u00e9,<br>\u2022 application des jours garantis,<br>\u2022 repos compensateurs,<br>\u2022 obligations l\u00e9gales.<\/p>\n\n\n\n<p>Une erreur peut co\u00fbter cher (rappels de salaires, litiges prud\u2019homaux, redressements URSSAF).<br>\u27a1\ufe0f URSSAF (rappels de r\u00e8gles sociales) : <a>https:\/\/www.urssaf.fr<\/a><\/p>\n\n\n\n<p>Pour \u00e9viter ces risques, l\u2019<strong>externalisation de la paie HCR<\/strong> avec SERVI-PAIES garantit :<br>\u2714 exactitude des bulletins,<br>\u2714 conformit\u00e9 r\u00e9glementaire,<br>\u2714 suivi des obligations sociales,<br>\u2714 accompagnement personnalis\u00e9 par un gestionnaire d\u00e9di\u00e9.<\/p>\n\n\n\n<p>\ud83d\udc49 D\u00e9couvrez nos prestations pour les entreprises du HCR :<br><a href=\"https:\/\/www.servi-paies.fr\/fr\/solutions-entreprises\/?utm_source=chatgpt.com\">https:\/\/www.servi-paies.fr\/fr\/solutions-entreprises\/<\/a><\/p>\n\n\n\n<hr class=\"wp-block-separator has-alpha-channel-opacity\"\/>\n\n\n\n<hr class=\"wp-block-separator has-alpha-channel-opacity\"\/>\n\n\n\n<h2 class=\"wp-block-heading\">\ud83d\udcde <strong>Besoin d&rsquo;un accompagnement sur la gestion des jours f\u00e9ri\u00e9s HCR ?<\/strong><\/h2>\n\n\n\n<p>Les \u00e9quipes <strong>SERVI-PAIES <\/strong> sont \u00e0 votre disposition.<br>\u27a1\ufe0f <a href=\"https:\/\/www.servi-paies.fr?utm_source=chatgpt.com\">https:\/\/www.servi-paies.fr<\/a><\/p>\n\n\n\n<p><\/p>\n","protected":false},"excerpt":{"rendered":"<p>Ce que doivent savoir les employeurs La gestion des jours f\u00e9ri\u00e9s dans le secteur des H\u00f4tels, Caf\u00e9s et Restaurants (HCR) suscite chaque ann\u00e9e de nombreuses interrogations. Entre jours f\u00e9ri\u00e9s garantis, jours non garantis, compensation, r\u00e9mun\u00e9ration du 1er mai et obligations formelles, les r\u00e8gles peuvent s\u2019av\u00e9rer complexes. Une bonne compr\u00e9hension de la convention collective HCR est [&hellip;]<\/p>\n","protected":false},"author":1,"featured_media":0,"comment_status":"closed","ping_status":"open","sticky":false,"template":"","format":"standard","meta":{"footnotes":""},"categories":[1],"tags":[],"class_list":["post-748","post","type-post","status-publish","format-standard","hentry","category-non-classe"],"yoast_head":"<!-- This site is optimized with the Yoast SEO plugin v23.8 - https:\/\/yoast.com\/wordpress\/plugins\/seo\/ -->\n<title>Gestion des jours f\u00e9ri\u00e9s dans la convention collective HCR - SERVI-PAIES<\/title>\n<meta name=\"description\" content=\"D\u00e9couvrez les r\u00e8gles sur les jours f\u00e9ri\u00e9s dans la convention collective HCR : 1er mai, jours garantis, compensations et obligations.\" \/>\n<meta name=\"robots\" content=\"noindex, follow\" \/>\n<meta property=\"og:locale\" content=\"fr_FR\" \/>\n<meta property=\"og:type\" content=\"article\" \/>\n<meta property=\"og:title\" content=\"Gestion des jours f\u00e9ri\u00e9s dans la convention collective HCR - SERVI-PAIES\" \/>\n<meta property=\"og:description\" content=\"D\u00e9couvrez les r\u00e8gles sur les jours f\u00e9ri\u00e9s dans la convention collective HCR : 1er mai, jours garantis, compensations et obligations.\" \/>\n<meta property=\"og:url\" content=\"https:\/\/www.servi-paies.fr\/fr\/2025\/12\/12\/gestion-des-jours-feries-dans-la-convention-collective-hcr\/\" \/>\n<meta property=\"og:site_name\" content=\"SERVI-PAIES\" \/>\n<meta property=\"article:publisher\" content=\"https:\/\/www.facebook.com\/servipaies\" \/>\n<meta property=\"article:published_time\" content=\"2025-12-12T08:48:27+00:00\" \/>\n<meta property=\"article:modified_time\" content=\"2025-12-12T08:54:57+00:00\" \/>\n<meta property=\"og:image\" content=\"https:\/\/www.servi-paies.fr\/fr\/wp-content\/uploads\/2024\/10\/partner.gif\" \/>\n\t<meta property=\"og:image:width\" content=\"1000\" \/>\n\t<meta property=\"og:image:height\" content=\"350\" \/>\n\t<meta property=\"og:image:type\" content=\"image\/gif\" \/>\n<meta name=\"author\" content=\"Admin\" \/>\n<meta name=\"twitter:card\" content=\"summary_large_image\" \/>\n<meta name=\"twitter:label1\" content=\"\u00c9crit par\" \/>\n\t<meta name=\"twitter:data1\" content=\"Admin\" \/>\n\t<meta name=\"twitter:label2\" content=\"Dur\u00e9e de lecture estim\u00e9e\" \/>\n\t<meta name=\"twitter:data2\" content=\"4 minutes\" \/>\n<script type=\"application\/ld+json\" class=\"yoast-schema-graph\">{\"@context\":\"https:\/\/schema.org\",\"@graph\":[{\"@type\":\"Article\",\"@id\":\"https:\/\/www.servi-paies.fr\/fr\/2025\/12\/12\/gestion-des-jours-feries-dans-la-convention-collective-hcr\/#article\",\"isPartOf\":{\"@id\":\"https:\/\/www.servi-paies.fr\/fr\/2025\/12\/12\/gestion-des-jours-feries-dans-la-convention-collective-hcr\/\"},\"author\":{\"name\":\"Admin\",\"@id\":\"https:\/\/www.servi-paies.fr\/fr\/#\/schema\/person\/fcdd6d239539bd04fc4b10aad74142c8\"},\"headline\":\"Gestion des jours f\u00e9ri\u00e9s dans la convention collective HCR\",\"datePublished\":\"2025-12-12T08:48:27+00:00\",\"dateModified\":\"2025-12-12T08:54:57+00:00\",\"mainEntityOfPage\":{\"@id\":\"https:\/\/www.servi-paies.fr\/fr\/2025\/12\/12\/gestion-des-jours-feries-dans-la-convention-collective-hcr\/\"},\"wordCount\":853,\"publisher\":{\"@id\":\"https:\/\/www.servi-paies.fr\/fr\/#organization\"},\"inLanguage\":\"fr-FR\"},{\"@type\":\"WebPage\",\"@id\":\"https:\/\/www.servi-paies.fr\/fr\/2025\/12\/12\/gestion-des-jours-feries-dans-la-convention-collective-hcr\/\",\"url\":\"https:\/\/www.servi-paies.fr\/fr\/2025\/12\/12\/gestion-des-jours-feries-dans-la-convention-collective-hcr\/\",\"name\":\"Gestion des jours f\u00e9ri\u00e9s dans la convention collective HCR - SERVI-PAIES\",\"isPartOf\":{\"@id\":\"https:\/\/www.servi-paies.fr\/fr\/#website\"},\"datePublished\":\"2025-12-12T08:48:27+00:00\",\"dateModified\":\"2025-12-12T08:54:57+00:00\",\"description\":\"D\u00e9couvrez les r\u00e8gles sur les jours f\u00e9ri\u00e9s dans la convention collective HCR : 1er mai, jours garantis, compensations et obligations.\",\"breadcrumb\":{\"@id\":\"https:\/\/www.servi-paies.fr\/fr\/2025\/12\/12\/gestion-des-jours-feries-dans-la-convention-collective-hcr\/#breadcrumb\"},\"inLanguage\":\"fr-FR\",\"potentialAction\":[{\"@type\":\"ReadAction\",\"target\":[\"https:\/\/www.servi-paies.fr\/fr\/2025\/12\/12\/gestion-des-jours-feries-dans-la-convention-collective-hcr\/\"]}]},{\"@type\":\"BreadcrumbList\",\"@id\":\"https:\/\/www.servi-paies.fr\/fr\/2025\/12\/12\/gestion-des-jours-feries-dans-la-convention-collective-hcr\/#breadcrumb\",\"itemListElement\":[{\"@type\":\"ListItem\",\"position\":1,\"name\":\"Accueil\",\"item\":\"https:\/\/www.servi-paies.fr\/fr\/\"},{\"@type\":\"ListItem\",\"position\":2,\"name\":\"Gestion des jours f\u00e9ri\u00e9s dans la convention collective HCR\"}]},{\"@type\":\"WebSite\",\"@id\":\"https:\/\/www.servi-paies.fr\/fr\/#website\",\"url\":\"https:\/\/www.servi-paies.fr\/fr\/\",\"name\":\"SERVI-PAIES\",\"description\":\"Traitement de la paie et des services RH pour  experts-comptables et entreprises en Ille-et-Vilaine\",\"publisher\":{\"@id\":\"https:\/\/www.servi-paies.fr\/fr\/#organization\"},\"potentialAction\":[{\"@type\":\"SearchAction\",\"target\":{\"@type\":\"EntryPoint\",\"urlTemplate\":\"https:\/\/www.servi-paies.fr\/fr\/?s={search_term_string}\"},\"query-input\":{\"@type\":\"PropertyValueSpecification\",\"valueRequired\":true,\"valueName\":\"search_term_string\"}}],\"inLanguage\":\"fr-FR\"},{\"@type\":\"Organization\",\"@id\":\"https:\/\/www.servi-paies.fr\/fr\/#organization\",\"name\":\"SERVI-PAIES\",\"url\":\"https:\/\/www.servi-paies.fr\/fr\/\",\"logo\":{\"@type\":\"ImageObject\",\"inLanguage\":\"fr-FR\",\"@id\":\"https:\/\/www.servi-paies.fr\/fr\/#\/schema\/logo\/image\/\",\"url\":\"https:\/\/www.servi-paies.fr\/fr\/wp-content\/uploads\/2024\/10\/partner.gif\",\"contentUrl\":\"https:\/\/www.servi-paies.fr\/fr\/wp-content\/uploads\/2024\/10\/partner.gif\",\"width\":1000,\"height\":350,\"caption\":\"SERVI-PAIES\"},\"image\":{\"@id\":\"https:\/\/www.servi-paies.fr\/fr\/#\/schema\/logo\/image\/\"},\"sameAs\":[\"https:\/\/www.facebook.com\/servipaies\",\"https:\/\/www.linkedin.com\/company\/servi-paies\/\"]},{\"@type\":\"Person\",\"@id\":\"https:\/\/www.servi-paies.fr\/fr\/#\/schema\/person\/fcdd6d239539bd04fc4b10aad74142c8\",\"name\":\"Admin\",\"image\":{\"@type\":\"ImageObject\",\"inLanguage\":\"fr-FR\",\"@id\":\"https:\/\/www.servi-paies.fr\/fr\/#\/schema\/person\/image\/\",\"url\":\"https:\/\/secure.gravatar.com\/avatar\/f9b4be9ce09feed1f2d9f9f678b1f72aa1079e3addac8a8102d49e01196711a8?s=96&d=mm&r=g\",\"contentUrl\":\"https:\/\/secure.gravatar.com\/avatar\/f9b4be9ce09feed1f2d9f9f678b1f72aa1079e3addac8a8102d49e01196711a8?s=96&d=mm&r=g\",\"caption\":\"Admin\"},\"sameAs\":[\"https:\/\/www.servi-paies.fr\/fr\"],\"url\":\"https:\/\/www.servi-paies.fr\/fr\/author\/admin\/\"}]}<\/script>\n<!-- \/ Yoast SEO plugin. -->","yoast_head_json":{"title":"Gestion des jours f\u00e9ri\u00e9s dans la convention collective HCR - SERVI-PAIES","description":"D\u00e9couvrez les r\u00e8gles sur les jours f\u00e9ri\u00e9s dans la convention collective HCR : 1er mai, jours garantis, compensations et obligations.","robots":{"index":"noindex","follow":"follow"},"og_locale":"fr_FR","og_type":"article","og_title":"Gestion des jours f\u00e9ri\u00e9s dans la convention collective HCR - SERVI-PAIES","og_description":"D\u00e9couvrez les r\u00e8gles sur les jours f\u00e9ri\u00e9s dans la convention collective HCR : 1er mai, jours garantis, compensations et obligations.","og_url":"https:\/\/www.servi-paies.fr\/fr\/2025\/12\/12\/gestion-des-jours-feries-dans-la-convention-collective-hcr\/","og_site_name":"SERVI-PAIES","article_publisher":"https:\/\/www.facebook.com\/servipaies","article_published_time":"2025-12-12T08:48:27+00:00","article_modified_time":"2025-12-12T08:54:57+00:00","og_image":[{"width":1000,"height":350,"url":"https:\/\/www.servi-paies.fr\/fr\/wp-content\/uploads\/2024\/10\/partner.gif","type":"image\/gif"}],"author":"Admin","twitter_card":"summary_large_image","twitter_misc":{"\u00c9crit par":"Admin","Dur\u00e9e de lecture estim\u00e9e":"4 minutes"},"schema":{"@context":"https:\/\/schema.org","@graph":[{"@type":"Article","@id":"https:\/\/www.servi-paies.fr\/fr\/2025\/12\/12\/gestion-des-jours-feries-dans-la-convention-collective-hcr\/#article","isPartOf":{"@id":"https:\/\/www.servi-paies.fr\/fr\/2025\/12\/12\/gestion-des-jours-feries-dans-la-convention-collective-hcr\/"},"author":{"name":"Admin","@id":"https:\/\/www.servi-paies.fr\/fr\/#\/schema\/person\/fcdd6d239539bd04fc4b10aad74142c8"},"headline":"Gestion des jours f\u00e9ri\u00e9s dans la convention collective HCR","datePublished":"2025-12-12T08:48:27+00:00","dateModified":"2025-12-12T08:54:57+00:00","mainEntityOfPage":{"@id":"https:\/\/www.servi-paies.fr\/fr\/2025\/12\/12\/gestion-des-jours-feries-dans-la-convention-collective-hcr\/"},"wordCount":853,"publisher":{"@id":"https:\/\/www.servi-paies.fr\/fr\/#organization"},"inLanguage":"fr-FR"},{"@type":"WebPage","@id":"https:\/\/www.servi-paies.fr\/fr\/2025\/12\/12\/gestion-des-jours-feries-dans-la-convention-collective-hcr\/","url":"https:\/\/www.servi-paies.fr\/fr\/2025\/12\/12\/gestion-des-jours-feries-dans-la-convention-collective-hcr\/","name":"Gestion des jours f\u00e9ri\u00e9s dans la convention collective HCR - SERVI-PAIES","isPartOf":{"@id":"https:\/\/www.servi-paies.fr\/fr\/#website"},"datePublished":"2025-12-12T08:48:27+00:00","dateModified":"2025-12-12T08:54:57+00:00","description":"D\u00e9couvrez les r\u00e8gles sur les jours f\u00e9ri\u00e9s dans la convention collective HCR : 1er mai, jours garantis, compensations et obligations.","breadcrumb":{"@id":"https:\/\/www.servi-paies.fr\/fr\/2025\/12\/12\/gestion-des-jours-feries-dans-la-convention-collective-hcr\/#breadcrumb"},"inLanguage":"fr-FR","potentialAction":[{"@type":"ReadAction","target":["https:\/\/www.servi-paies.fr\/fr\/2025\/12\/12\/gestion-des-jours-feries-dans-la-convention-collective-hcr\/"]}]},{"@type":"BreadcrumbList","@id":"https:\/\/www.servi-paies.fr\/fr\/2025\/12\/12\/gestion-des-jours-feries-dans-la-convention-collective-hcr\/#breadcrumb","itemListElement":[{"@type":"ListItem","position":1,"name":"Accueil","item":"https:\/\/www.servi-paies.fr\/fr\/"},{"@type":"ListItem","position":2,"name":"Gestion des jours f\u00e9ri\u00e9s dans la convention collective HCR"}]},{"@type":"WebSite","@id":"https:\/\/www.servi-paies.fr\/fr\/#website","url":"https:\/\/www.servi-paies.fr\/fr\/","name":"SERVI-PAIES","description":"Traitement de la paie et des services RH pour  experts-comptables et entreprises en Ille-et-Vilaine","publisher":{"@id":"https:\/\/www.servi-paies.fr\/fr\/#organization"},"potentialAction":[{"@type":"SearchAction","target":{"@type":"EntryPoint","urlTemplate":"https:\/\/www.servi-paies.fr\/fr\/?s={search_term_string}"},"query-input":{"@type":"PropertyValueSpecification","valueRequired":true,"valueName":"search_term_string"}}],"inLanguage":"fr-FR"},{"@type":"Organization","@id":"https:\/\/www.servi-paies.fr\/fr\/#organization","name":"SERVI-PAIES","url":"https:\/\/www.servi-paies.fr\/fr\/","logo":{"@type":"ImageObject","inLanguage":"fr-FR","@id":"https:\/\/www.servi-paies.fr\/fr\/#\/schema\/logo\/image\/","url":"https:\/\/www.servi-paies.fr\/fr\/wp-content\/uploads\/2024\/10\/partner.gif","contentUrl":"https:\/\/www.servi-paies.fr\/fr\/wp-content\/uploads\/2024\/10\/partner.gif","width":1000,"height":350,"caption":"SERVI-PAIES"},"image":{"@id":"https:\/\/www.servi-paies.fr\/fr\/#\/schema\/logo\/image\/"},"sameAs":["https:\/\/www.facebook.com\/servipaies","https:\/\/www.linkedin.com\/company\/servi-paies\/"]},{"@type":"Person","@id":"https:\/\/www.servi-paies.fr\/fr\/#\/schema\/person\/fcdd6d239539bd04fc4b10aad74142c8","name":"Admin","image":{"@type":"ImageObject","inLanguage":"fr-FR","@id":"https:\/\/www.servi-paies.fr\/fr\/#\/schema\/person\/image\/","url":"https:\/\/secure.gravatar.com\/avatar\/f9b4be9ce09feed1f2d9f9f678b1f72aa1079e3addac8a8102d49e01196711a8?s=96&d=mm&r=g","contentUrl":"https:\/\/secure.gravatar.com\/avatar\/f9b4be9ce09feed1f2d9f9f678b1f72aa1079e3addac8a8102d49e01196711a8?s=96&d=mm&r=g","caption":"Admin"},"sameAs":["https:\/\/www.servi-paies.fr\/fr"],"url":"https:\/\/www.servi-paies.fr\/fr\/author\/admin\/"}]}},"_links":{"self":[{"href":"https:\/\/www.servi-paies.fr\/fr\/wp-json\/wp\/v2\/posts\/748","targetHints":{"allow":["GET"]}}],"collection":[{"href":"https:\/\/www.servi-paies.fr\/fr\/wp-json\/wp\/v2\/posts"}],"about":[{"href":"https:\/\/www.servi-paies.fr\/fr\/wp-json\/wp\/v2\/types\/post"}],"author":[{"embeddable":true,"href":"https:\/\/www.servi-paies.fr\/fr\/wp-json\/wp\/v2\/users\/1"}],"replies":[{"embeddable":true,"href":"https:\/\/www.servi-paies.fr\/fr\/wp-json\/wp\/v2\/comments?post=748"}],"version-history":[{"count":6,"href":"https:\/\/www.servi-paies.fr\/fr\/wp-json\/wp\/v2\/posts\/748\/revisions"}],"predecessor-version":[{"id":755,"href":"https:\/\/www.servi-paies.fr\/fr\/wp-json\/wp\/v2\/posts\/748\/revisions\/755"}],"wp:attachment":[{"href":"https:\/\/www.servi-paies.fr\/fr\/wp-json\/wp\/v2\/media?parent=748"}],"wp:term":[{"taxonomy":"category","embeddable":true,"href":"https:\/\/www.servi-paies.fr\/fr\/wp-json\/wp\/v2\/categories?post=748"},{"taxonomy":"post_tag","embeddable":true,"href":"https:\/\/www.servi-paies.fr\/fr\/wp-json\/wp\/v2\/tags?post=748"}],"curies":[{"name":"wp","href":"https:\/\/api.w.org\/{rel}","templated":true}]}}